{"id":7257,"date":"2018-04-25T10:19:13","date_gmt":"2018-04-25T10:19:13","guid":{"rendered":"https:\/\/www.wearegecom.com\/ca\/?p=7257"},"modified":"2019-03-12T17:00:34","modified_gmt":"2019-03-12T17:00:34","slug":"alimentaria-hostelco-2018-1200m2-de-nuestros-stands-de-diseno-en-barcelona-i","status":"publish","type":"post","link":"https:\/\/www.wearegecom.com\/ca\/alimentaria-hostelco-2018-1200m2-de-nuestros-stands-de-diseno-en-barcelona-i\/","title":{"rendered":"Aliment\u00e0ria-Hostelco 2.018: 1200m2 dels nostres estands de disseny a Barcelona (I)"},"content":{"rendered":"<p style=\"text-align: justify;\">1200 m2, 13 estands, m\u00e9s de 30 treballadors i 5 coordinadors\/es: Font Vella, Conservas Dani, Luis Capdevila, Acristalia, Comas, Lacor, Markibar, Do Oli, Welbilt, Panetier, Pastisart, Promerca, Quality Espresso i moltes hores per arribar a bon port. Aquest podria ser el resum de l&#8217;aportaci\u00f3 de GECOM a Aliment\u00e0ria-Hostelco 2018. Tot un \u00e8xit de p\u00fablic i, per part nostra, de disseny.<\/p>\n<p style=\"text-align: justify;\">Us adjuntem la primera part de la selecci\u00f3 de fotografies dels estands que hem dissenyat i constru\u00eft. I aprofitem per donar-vos les gr\u00e0cies per confiar en nosaltres.<\/p>\n<h2 style=\"text-align: justify;\">Acristalia<\/h2>\n<h2><img loading=\"lazy\" decoding=\"async\" class=\"aligncenter size-large wp-image-7070\" src=\"https:\/\/wearegecom.com\/wp-content\/uploads\/2018\/04\/MG_5496-1024x683.jpg\" alt=\"Aliment\u00e0ria-Hostelco 2.018: 1200m2 dels nostres estands de disseny a Barcelona (I) 0\" width=\"640\" height=\"427\" srcset=\"https:\/\/www.wearegecom.com\/wp-content\/uploads\/2018\/04\/MG_5496-1024x683.jpg 1024w, https:\/\/www.wearegecom.com\/wp-content\/uploads\/2018\/04\/MG_5496-300x200.jpg 300w, https:\/\/www.wearegecom.com\/wp-content\/uploads\/2018\/04\/MG_5496-768x512.jpg 768w, https:\/\/www.wearegecom.com\/wp-content\/uploads\/2018\/04\/MG_5496-770x515.jpg 770w, https:\/\/www.wearegecom.com\/wp-content\/uploads\/2018\/04\/MG_5496-1170x780.jpg 1170w, https:\/\/www.wearegecom.com\/wp-content\/uploads\/2018\/04\/MG_5496-500x333.jpg 500w\" sizes=\"auto, (max-width: 640px) 100vw, 640px\" \/><\/h2>\n<p><img loading=\"lazy\" decoding=\"async\" class=\"aligncenter wp-image-7022 size-large\" src=\"https:\/\/wearegecom.com\/wp-content\/uploads\/2018\/04\/MG_5489-1024x683.jpg\" alt=\"Acristalia Stand Hostelco\" width=\"640\" height=\"427\" srcset=\"https:\/\/www.wearegecom.com\/wp-content\/uploads\/2018\/04\/MG_5489-1024x683.jpg 1024w, https:\/\/www.wearegecom.com\/wp-content\/uploads\/2018\/04\/MG_5489-300x200.jpg 300w, https:\/\/www.wearegecom.com\/wp-content\/uploads\/2018\/04\/MG_5489-768x512.jpg 768w, https:\/\/www.wearegecom.com\/wp-content\/uploads\/2018\/04\/MG_5489-770x515.jpg 770w, https:\/\/www.wearegecom.com\/wp-content\/uploads\/2018\/04\/MG_5489-1170x780.jpg 1170w, https:\/\/www.wearegecom.com\/wp-content\/uploads\/2018\/04\/MG_5489-500x333.jpg 500w\" sizes=\"auto, (max-width: 640px) 100vw, 640px\" \/><\/p>\n<p><img loading=\"lazy\" decoding=\"async\" class=\"aligncenter wp-image-7026 size-large\" src=\"https:\/\/wearegecom.com\/wp-content\/uploads\/2018\/04\/MG_5501-1024x683.jpg\" alt=\"Aliment\u00e0ria-Hostelco 2.018: 1200m2 dels nostres estands de disseny a Barcelona (I) 2\" width=\"640\" height=\"427\" srcset=\"https:\/\/www.wearegecom.com\/wp-content\/uploads\/2018\/04\/MG_5501-1024x683.jpg 1024w, https:\/\/www.wearegecom.com\/wp-content\/uploads\/2018\/04\/MG_5501-300x200.jpg 300w, https:\/\/www.wearegecom.com\/wp-content\/uploads\/2018\/04\/MG_5501-768x512.jpg 768w, https:\/\/www.wearegecom.com\/wp-content\/uploads\/2018\/04\/MG_5501-770x515.jpg 770w, https:\/\/www.wearegecom.com\/wp-content\/uploads\/2018\/04\/MG_5501-1170x780.jpg 1170w, https:\/\/www.wearegecom.com\/wp-content\/uploads\/2018\/04\/MG_5501-500x333.jpg 500w\" sizes=\"auto, (max-width: 640px) 100vw, 640px\" \/><\/p>\n<h2>Comas<\/h2>\n<p><img loading=\"lazy\" decoding=\"async\" class=\"aligncenter wp-image-7030 size-large\" src=\"https:\/\/wearegecom.com\/wp-content\/uploads\/2018\/04\/MG_5635-1024x655.jpg\" alt=\"stand Barcelona Comas Alimentaria Hostelco\" width=\"640\" height=\"409\" srcset=\"https:\/\/www.wearegecom.com\/wp-content\/uploads\/2018\/04\/MG_5635-1024x655.jpg 1024w, https:\/\/www.wearegecom.com\/wp-content\/uploads\/2018\/04\/MG_5635-300x192.jpg 300w, https:\/\/www.wearegecom.com\/wp-content\/uploads\/2018\/04\/MG_5635-768x491.jpg 768w, https:\/\/www.wearegecom.com\/wp-content\/uploads\/2018\/04\/MG_5635-500x320.jpg 500w\" sizes=\"auto, (max-width: 640px) 100vw, 640px\" \/> <img loading=\"lazy\" decoding=\"async\" class=\"aligncenter wp-image-7034 size-large\" src=\"https:\/\/wearegecom.com\/wp-content\/uploads\/2018\/04\/MG_5643-1024x655.jpg\" alt=\"stand Barcelona Comas Alimentaria Hostelco\" width=\"640\" height=\"409\" srcset=\"https:\/\/www.wearegecom.com\/wp-content\/uploads\/2018\/04\/MG_5643-1024x655.jpg 1024w, https:\/\/www.wearegecom.com\/wp-content\/uploads\/2018\/04\/MG_5643-300x192.jpg 300w, https:\/\/www.wearegecom.com\/wp-content\/uploads\/2018\/04\/MG_5643-768x491.jpg 768w, https:\/\/www.wearegecom.com\/wp-content\/uploads\/2018\/04\/MG_5643-500x320.jpg 500w\" sizes=\"auto, (max-width: 640px) 100vw, 640px\" \/><\/p>\n<h2>Conservas Dani<\/h2>\n<p><img loading=\"lazy\" decoding=\"async\" class=\"aligncenter wp-image-7038 size-large\" src=\"https:\/\/wearegecom.com\/wp-content\/uploads\/2018\/04\/MG_5448-1024x683.jpg\" alt=\"stand Barcelona Conservas Dani Alimentaria Hostelco\" width=\"640\" height=\"427\" srcset=\"https:\/\/www.wearegecom.com\/wp-content\/uploads\/2018\/04\/MG_5448-1024x683.jpg 1024w, https:\/\/www.wearegecom.com\/wp-content\/uploads\/2018\/04\/MG_5448-300x200.jpg 300w, https:\/\/www.wearegecom.com\/wp-content\/uploads\/2018\/04\/MG_5448-768x512.jpg 768w, https:\/\/www.wearegecom.com\/wp-content\/uploads\/2018\/04\/MG_5448-770x515.jpg 770w, https:\/\/www.wearegecom.com\/wp-content\/uploads\/2018\/04\/MG_5448-1170x780.jpg 1170w, https:\/\/www.wearegecom.com\/wp-content\/uploads\/2018\/04\/MG_5448-500x333.jpg 500w\" sizes=\"auto, (max-width: 640px) 100vw, 640px\" \/> <img loading=\"lazy\" decoding=\"async\" class=\"aligncenter wp-image-7042 size-large\" src=\"https:\/\/wearegecom.com\/wp-content\/uploads\/2018\/04\/MG_5455-1024x683.jpg\" alt=\"stand Barcelona Conservas Dani Alimentaria Hostelco\" width=\"640\" height=\"427\" srcset=\"https:\/\/www.wearegecom.com\/wp-content\/uploads\/2018\/04\/MG_5455-1024x683.jpg 1024w, https:\/\/www.wearegecom.com\/wp-content\/uploads\/2018\/04\/MG_5455-300x200.jpg 300w, https:\/\/www.wearegecom.com\/wp-content\/uploads\/2018\/04\/MG_5455-768x512.jpg 768w, https:\/\/www.wearegecom.com\/wp-content\/uploads\/2018\/04\/MG_5455-770x515.jpg 770w, https:\/\/www.wearegecom.com\/wp-content\/uploads\/2018\/04\/MG_5455-1170x780.jpg 1170w, https:\/\/www.wearegecom.com\/wp-content\/uploads\/2018\/04\/MG_5455-500x333.jpg 500w\" sizes=\"auto, (max-width: 640px) 100vw, 640px\" \/><\/p>\n<h2><img loading=\"lazy\" decoding=\"async\" class=\"aligncenter size-large wp-image-7078\" src=\"https:\/\/wearegecom.com\/wp-content\/uploads\/2018\/04\/MG_5461-1024x683.jpg\" alt=\"Aliment\u00e0ria-Hostelco 2.018: 1200m2 dels nostres estands de disseny a Barcelona (I) 7\" width=\"640\" height=\"427\" srcset=\"https:\/\/www.wearegecom.com\/wp-content\/uploads\/2018\/04\/MG_5461-1024x683.jpg 1024w, https:\/\/www.wearegecom.com\/wp-content\/uploads\/2018\/04\/MG_5461-300x200.jpg 300w, https:\/\/www.wearegecom.com\/wp-content\/uploads\/2018\/04\/MG_5461-768x512.jpg 768w, https:\/\/www.wearegecom.com\/wp-content\/uploads\/2018\/04\/MG_5461-770x515.jpg 770w, https:\/\/www.wearegecom.com\/wp-content\/uploads\/2018\/04\/MG_5461-1170x780.jpg 1170w, https:\/\/www.wearegecom.com\/wp-content\/uploads\/2018\/04\/MG_5461-500x333.jpg 500w\" sizes=\"auto, (max-width: 640px) 100vw, 640px\" \/>Font Vella<\/h2>\n<p><img loading=\"lazy\" decoding=\"async\" class=\"alignnone wp-image-7063 size-large aligncenter\" src=\"https:\/\/wearegecom.com\/wp-content\/uploads\/2018\/04\/MG_5808-1024x672.jpg\" alt=\"Aliment\u00e0ria-Hostelco 2.018: 1200m2 dels nostres estands de disseny a Barcelona (I) 8\" width=\"640\" height=\"420\" srcset=\"https:\/\/www.wearegecom.com\/wp-content\/uploads\/2018\/04\/MG_5808-1024x672.jpg 1024w, https:\/\/www.wearegecom.com\/wp-content\/uploads\/2018\/04\/MG_5808-300x197.jpg 300w, https:\/\/www.wearegecom.com\/wp-content\/uploads\/2018\/04\/MG_5808-768x504.jpg 768w, https:\/\/www.wearegecom.com\/wp-content\/uploads\/2018\/04\/MG_5808-500x328.jpg 500w\" sizes=\"auto, (max-width: 640px) 100vw, 640px\" \/><br \/>\n<img loading=\"lazy\" decoding=\"async\" class=\"alignnone wp-image-7059 size-large aligncenter\" src=\"https:\/\/wearegecom.com\/wp-content\/uploads\/2018\/04\/MG_5705-1024x664.jpg\" alt=\"stand Barcelona Conservas Fontvella Alimentaria Hostelco\" width=\"640\" height=\"415\" srcset=\"https:\/\/www.wearegecom.com\/wp-content\/uploads\/2018\/04\/MG_5705-1024x664.jpg 1024w, https:\/\/www.wearegecom.com\/wp-content\/uploads\/2018\/04\/MG_5705-300x195.jpg 300w, https:\/\/www.wearegecom.com\/wp-content\/uploads\/2018\/04\/MG_5705-768x498.jpg 768w, https:\/\/www.wearegecom.com\/wp-content\/uploads\/2018\/04\/MG_5705-500x324.jpg 500w\" sizes=\"auto, (max-width: 640px) 100vw, 640px\" \/><\/p>\n<p><img loading=\"lazy\" decoding=\"async\" class=\"wp-image-7055 size-large aligncenter\" src=\"https:\/\/wearegecom.com\/wp-content\/uploads\/2018\/04\/MG_5825-1024x672.jpg\" alt=\"Aliment\u00e0ria-Hostelco 2.018: 1200m2 dels nostres estands de disseny a Barcelona (I) 10\" width=\"640\" height=\"420\" srcset=\"https:\/\/www.wearegecom.com\/wp-content\/uploads\/2018\/04\/MG_5825-1024x672.jpg 1024w, https:\/\/www.wearegecom.com\/wp-content\/uploads\/2018\/04\/MG_5825-300x197.jpg 300w, https:\/\/www.wearegecom.com\/wp-content\/uploads\/2018\/04\/MG_5825-768x504.jpg 768w, https:\/\/www.wearegecom.com\/wp-content\/uploads\/2018\/04\/MG_5825-500x328.jpg 500w\" sizes=\"auto, (max-width: 640px) 100vw, 640px\" \/><\/p>\n<p>&nbsp;<\/p>\n<h2><\/h2>\n<h2>Promerca<\/h2>\n<h2><img loading=\"lazy\" decoding=\"async\" class=\"aligncenter size-large wp-image-7082\" src=\"https:\/\/wearegecom.com\/wp-content\/uploads\/2018\/04\/MG_5926-1024x683.jpg\" alt=\"Aliment\u00e0ria-Hostelco 2.018: 1200m2 dels nostres estands de disseny a Barcelona (I) 11\" width=\"640\" height=\"427\" srcset=\"https:\/\/www.wearegecom.com\/wp-content\/uploads\/2018\/04\/MG_5926-1024x683.jpg 1024w, https:\/\/www.wearegecom.com\/wp-content\/uploads\/2018\/04\/MG_5926-300x200.jpg 300w, https:\/\/www.wearegecom.com\/wp-content\/uploads\/2018\/04\/MG_5926-768x512.jpg 768w, https:\/\/www.wearegecom.com\/wp-content\/uploads\/2018\/04\/MG_5926-770x515.jpg 770w, https:\/\/www.wearegecom.com\/wp-content\/uploads\/2018\/04\/MG_5926-1170x780.jpg 1170w, https:\/\/www.wearegecom.com\/wp-content\/uploads\/2018\/04\/MG_5926-500x333.jpg 500w\" sizes=\"auto, (max-width: 640px) 100vw, 640px\" \/><\/h2>\n<h2><img loading=\"lazy\" decoding=\"async\" class=\"aligncenter size-large wp-image-7086\" src=\"https:\/\/wearegecom.com\/wp-content\/uploads\/2018\/04\/MG_5940-683x1024.jpg\" alt=\"Aliment\u00e0ria-Hostelco 2.018: 1200m2 dels nostres estands de disseny a Barcelona (I) 12\" width=\"640\" height=\"960\" srcset=\"https:\/\/www.wearegecom.com\/wp-content\/uploads\/2018\/04\/MG_5940-683x1024.jpg 683w, https:\/\/www.wearegecom.com\/wp-content\/uploads\/2018\/04\/MG_5940-200x300.jpg 200w, https:\/\/www.wearegecom.com\/wp-content\/uploads\/2018\/04\/MG_5940-768x1152.jpg 768w, https:\/\/www.wearegecom.com\/wp-content\/uploads\/2018\/04\/MG_5940-500x750.jpg 500w\" sizes=\"auto, (max-width: 640px) 100vw, 640px\" \/><\/h2>\n<p>&nbsp;<\/p>\n<p>&nbsp;<\/p>\n<p>&nbsp;<\/p>\n","protected":false},"excerpt":{"rendered":"1200 m2, 13 estands, m\u00e9s de 30 treballadors i 5 coordinadors\/es: Font Vella, Conservas Dani, Luis Capdevila, Acristalia, Comas, Lacor, Markibar, Do Oli, Welbilt, Panetier, Pastisart, Promerca, Quality Espresso i moltes hores per arribar a bon port. Aquest podria ser el resum de l&#8217;aportaci\u00f3 de GECOM a Aliment\u00e0ria-Hostelco 2018. Tot un \u00e8xit de p\u00fablic i, per part nostra, de disseny. Us adjuntem la primera part de la selecci\u00f3 de fotografies dels estands que hem dissenyat i constru\u00eft. I aprofitem per donar-vos les gr\u00e0cies per confiar en nosaltres. Acristalia Comas Conservas Dani Font Vella &nbsp; Promerca &nbsp; &nbsp; &nbsp;","protected":false},"author":2,"featured_media":8807,"comment_status":"open","ping_status":"closed","sticky":false,"template":"","format":"standard","meta":{"footnotes":""},"categories":[75,95,96],"tags":[257,275,70,251,69,97,236,255,170,184,258,276,171,186],"class_list":["post-7257","post","type-post","status-publish","format-standard","has-post-thumbnail","hentry","category-general-ca","category-noticias-ca","category-stands-ca","tag-alimentaria","tag-alimentaria-ca","tag-barcelona","tag-barcelona-ca","tag-diseno","tag-diseno-ca","tag-fontvella","tag-fontvella-ca","tag-gecom","tag-gecom-ca","tag-hostelco","tag-hostelco-ca","tag-stands","tag-stands-ca"],"yoast_head":"<!-- This site is optimized with the Yoast SEO plugin v27.5 - https:\/\/yoast.com\/product\/yoast-seo-wordpress\/ -->\n<title>Aliment\u00e0ria-Hostelco 2.018: 1200m2 dels nostres estands de disseny a Barcelona (I) - GECOM<\/title>\n<meta name=\"description\" content=\"1200 m2, 13 estands, m\u00e9s de 30 treballadors i 5 coordinadors\/es: Font Vella, Conservas Dani, Luis Capdevila, Acristalia, Comas, Lacor, Markibar, Do Oli,\" \/>\n<meta name=\"robots\" content=\"index, follow, max-snippet:-1, max-image-preview:large, max-video-preview:-1\" \/>\n<link rel=\"canonical\" href=\"https:\/\/www.wearegecom.com\/ca\/alimentaria-hostelco-2018-1200m2-de-nuestros-stands-de-diseno-en-barcelona-i\/\" \/>\n<meta property=\"og:locale\" content=\"ca_ES\" \/>\n<meta property=\"og:type\" content=\"article\" \/>\n<meta property=\"og:title\" content=\"Aliment\u00e0ria-Hostelco 2.018: 1200m2 dels nostres estands de disseny a Barcelona (I) - GECOM\" \/>\n<meta property=\"og:description\" content=\"1200 m2, 13 estands, m\u00e9s de 30 treballadors i 5 coordinadors\/es: Font Vella, Conservas Dani, Luis Capdevila, Acristalia, Comas, Lacor, Markibar, Do Oli,\" \/>\n<meta property=\"og:url\" content=\"https:\/\/www.wearegecom.com\/ca\/alimentaria-hostelco-2018-1200m2-de-nuestros-stands-de-diseno-en-barcelona-i\/\" \/>\n<meta property=\"og:site_name\" content=\"GECOM\" \/>\n<meta property=\"article:published_time\" content=\"2018-04-25T10:19:13+00:00\" \/>\n<meta property=\"article:modified_time\" content=\"2019-03-12T17:00:34+00:00\" \/>\n<meta property=\"og:image\" content=\"https:\/\/www.wearegecom.com\/wp-content\/uploads\/2018\/04\/MG_5785-min.jpg\" \/>\n\t<meta property=\"og:image:width\" content=\"1645\" \/>\n\t<meta property=\"og:image:height\" content=\"1080\" \/>\n\t<meta property=\"og:image:type\" content=\"image\/jpeg\" \/>\n<meta name=\"author\" content=\"gecom\" \/>\n<meta name=\"twitter:card\" content=\"summary_large_image\" \/>\n<meta name=\"twitter:label1\" content=\"Escrit per\" \/>\n\t<meta name=\"twitter:data1\" content=\"gecom\" \/>\n<script type=\"application\/ld+json\" class=\"yoast-schema-graph\">{\"@context\":\"https:\\\/\\\/schema.org\",\"@graph\":[{\"@type\":\"Article\",\"@id\":\"https:\\\/\\\/www.wearegecom.com\\\/ca\\\/alimentaria-hostelco-2018-1200m2-de-nuestros-stands-de-diseno-en-barcelona-i\\\/#article\",\"isPartOf\":{\"@id\":\"https:\\\/\\\/www.wearegecom.com\\\/ca\\\/alimentaria-hostelco-2018-1200m2-de-nuestros-stands-de-diseno-en-barcelona-i\\\/\"},\"author\":{\"name\":\"gecom\",\"@id\":\"https:\\\/\\\/www.wearegecom.com\\\/es\\\/#\\\/schema\\\/person\\\/638fd79d43c8235c35fccb7efe78689e\"},\"headline\":\"Aliment\u00e0ria-Hostelco 2.018: 1200m2 dels nostres estands de disseny a Barcelona (I)\",\"datePublished\":\"2018-04-25T10:19:13+00:00\",\"dateModified\":\"2019-03-12T17:00:34+00:00\",\"mainEntityOfPage\":{\"@id\":\"https:\\\/\\\/www.wearegecom.com\\\/ca\\\/alimentaria-hostelco-2018-1200m2-de-nuestros-stands-de-diseno-en-barcelona-i\\\/\"},\"wordCount\":110,\"commentCount\":0,\"publisher\":{\"@id\":\"https:\\\/\\\/www.wearegecom.com\\\/es\\\/#organization\"},\"image\":{\"@id\":\"https:\\\/\\\/www.wearegecom.com\\\/ca\\\/alimentaria-hostelco-2018-1200m2-de-nuestros-stands-de-diseno-en-barcelona-i\\\/#primaryimage\"},\"thumbnailUrl\":\"https:\\\/\\\/www.wearegecom.com\\\/wp-content\\\/uploads\\\/2018\\\/04\\\/MG_5785-min.jpg\",\"keywords\":[\"Alimentaria\",\"Alimentaria\",\"Barcelona\",\"Barcelona\",\"Dise\u00f1o\",\"Dise\u00f1o\",\"Fontvella\",\"Fontvella\",\"GECOM\",\"GECOm\",\"Hostelco\",\"Hostelco\",\"Stands\",\"Stands\"],\"articleSection\":[\"General\",\"Noticies\",\"STANDS\"],\"inLanguage\":\"ca\",\"potentialAction\":[{\"@type\":\"CommentAction\",\"name\":\"Comment\",\"target\":[\"https:\\\/\\\/www.wearegecom.com\\\/ca\\\/alimentaria-hostelco-2018-1200m2-de-nuestros-stands-de-diseno-en-barcelona-i\\\/#respond\"]}]},{\"@type\":\"WebPage\",\"@id\":\"https:\\\/\\\/www.wearegecom.com\\\/ca\\\/alimentaria-hostelco-2018-1200m2-de-nuestros-stands-de-diseno-en-barcelona-i\\\/\",\"url\":\"https:\\\/\\\/www.wearegecom.com\\\/ca\\\/alimentaria-hostelco-2018-1200m2-de-nuestros-stands-de-diseno-en-barcelona-i\\\/\",\"name\":\"Aliment\u00e0ria-Hostelco 2.018: 1200m2 dels nostres estands de disseny a Barcelona (I) - GECOM\",\"isPartOf\":{\"@id\":\"https:\\\/\\\/www.wearegecom.com\\\/es\\\/#website\"},\"primaryImageOfPage\":{\"@id\":\"https:\\\/\\\/www.wearegecom.com\\\/ca\\\/alimentaria-hostelco-2018-1200m2-de-nuestros-stands-de-diseno-en-barcelona-i\\\/#primaryimage\"},\"image\":{\"@id\":\"https:\\\/\\\/www.wearegecom.com\\\/ca\\\/alimentaria-hostelco-2018-1200m2-de-nuestros-stands-de-diseno-en-barcelona-i\\\/#primaryimage\"},\"thumbnailUrl\":\"https:\\\/\\\/www.wearegecom.com\\\/wp-content\\\/uploads\\\/2018\\\/04\\\/MG_5785-min.jpg\",\"datePublished\":\"2018-04-25T10:19:13+00:00\",\"dateModified\":\"2019-03-12T17:00:34+00:00\",\"description\":\"1200 m2, 13 estands, m\u00e9s de 30 treballadors i 5 coordinadors\\\/es: Font Vella, Conservas Dani, Luis Capdevila, Acristalia, Comas, Lacor, Markibar, Do Oli,\",\"breadcrumb\":{\"@id\":\"https:\\\/\\\/www.wearegecom.com\\\/ca\\\/alimentaria-hostelco-2018-1200m2-de-nuestros-stands-de-diseno-en-barcelona-i\\\/#breadcrumb\"},\"inLanguage\":\"ca\",\"potentialAction\":[{\"@type\":\"ReadAction\",\"target\":[\"https:\\\/\\\/www.wearegecom.com\\\/ca\\\/alimentaria-hostelco-2018-1200m2-de-nuestros-stands-de-diseno-en-barcelona-i\\\/\"]}]},{\"@type\":\"ImageObject\",\"inLanguage\":\"ca\",\"@id\":\"https:\\\/\\\/www.wearegecom.com\\\/ca\\\/alimentaria-hostelco-2018-1200m2-de-nuestros-stands-de-diseno-en-barcelona-i\\\/#primaryimage\",\"url\":\"https:\\\/\\\/www.wearegecom.com\\\/wp-content\\\/uploads\\\/2018\\\/04\\\/MG_5785-min.jpg\",\"contentUrl\":\"https:\\\/\\\/www.wearegecom.com\\\/wp-content\\\/uploads\\\/2018\\\/04\\\/MG_5785-min.jpg\",\"width\":1645,\"height\":1080},{\"@type\":\"BreadcrumbList\",\"@id\":\"https:\\\/\\\/www.wearegecom.com\\\/ca\\\/alimentaria-hostelco-2018-1200m2-de-nuestros-stands-de-diseno-en-barcelona-i\\\/#breadcrumb\",\"itemListElement\":[{\"@type\":\"ListItem\",\"position\":1,\"name\":\"Home\",\"item\":\"https:\\\/\\\/www.wearegecom.com\\\/ca\\\/\"},{\"@type\":\"ListItem\",\"position\":2,\"name\":\"Aliment\u00e0ria-Hostelco 2.018: 1200m2 dels nostres estands de disseny a Barcelona (I)\"}]},{\"@type\":\"WebSite\",\"@id\":\"https:\\\/\\\/www.wearegecom.com\\\/es\\\/#website\",\"url\":\"https:\\\/\\\/www.wearegecom.com\\\/es\\\/\",\"name\":\"GECOM\",\"description\":\"We are Design Builders\",\"publisher\":{\"@id\":\"https:\\\/\\\/www.wearegecom.com\\\/es\\\/#organization\"},\"potentialAction\":[{\"@type\":\"SearchAction\",\"target\":{\"@type\":\"EntryPoint\",\"urlTemplate\":\"https:\\\/\\\/www.wearegecom.com\\\/es\\\/?s={search_term_string}\"},\"query-input\":{\"@type\":\"PropertyValueSpecification\",\"valueRequired\":true,\"valueName\":\"search_term_string\"}}],\"inLanguage\":\"ca\"},{\"@type\":\"Organization\",\"@id\":\"https:\\\/\\\/www.wearegecom.com\\\/es\\\/#organization\",\"name\":\"Wearegecom\",\"url\":\"https:\\\/\\\/www.wearegecom.com\\\/es\\\/\",\"logo\":{\"@type\":\"ImageObject\",\"inLanguage\":\"ca\",\"@id\":\"https:\\\/\\\/www.wearegecom.com\\\/es\\\/#\\\/schema\\\/logo\\\/image\\\/\",\"url\":\"https:\\\/\\\/www.wearegecom.com\\\/wp-content\\\/uploads\\\/2017\\\/03\\\/otro-logo-gecom.png\",\"contentUrl\":\"https:\\\/\\\/www.wearegecom.com\\\/wp-content\\\/uploads\\\/2017\\\/03\\\/otro-logo-gecom.png\",\"width\":175,\"height\":97,\"caption\":\"Wearegecom\"},\"image\":{\"@id\":\"https:\\\/\\\/www.wearegecom.com\\\/es\\\/#\\\/schema\\\/logo\\\/image\\\/\"}},{\"@type\":\"Person\",\"@id\":\"https:\\\/\\\/www.wearegecom.com\\\/es\\\/#\\\/schema\\\/person\\\/638fd79d43c8235c35fccb7efe78689e\",\"name\":\"gecom\",\"image\":{\"@type\":\"ImageObject\",\"inLanguage\":\"ca\",\"@id\":\"https:\\\/\\\/secure.gravatar.com\\\/avatar\\\/46f8d4200958484fd59549d5e3e6064cd9a74d4186463a9a55356f0b74a4faa0?s=96&d=mm&r=g\",\"url\":\"https:\\\/\\\/secure.gravatar.com\\\/avatar\\\/46f8d4200958484fd59549d5e3e6064cd9a74d4186463a9a55356f0b74a4faa0?s=96&d=mm&r=g\",\"contentUrl\":\"https:\\\/\\\/secure.gravatar.com\\\/avatar\\\/46f8d4200958484fd59549d5e3e6064cd9a74d4186463a9a55356f0b74a4faa0?s=96&d=mm&r=g\",\"caption\":\"gecom\"}}]}<\/script>\n<!-- \/ Yoast SEO plugin. -->","yoast_head_json":{"title":"Aliment\u00e0ria-Hostelco 2.018: 1200m2 dels nostres estands de disseny a Barcelona (I) - GECOM","description":"1200 m2, 13 estands, m\u00e9s de 30 treballadors i 5 coordinadors\/es: Font Vella, Conservas Dani, Luis Capdevila, Acristalia, Comas, Lacor, Markibar, Do Oli,","robots":{"index":"index","follow":"follow","max-snippet":"max-snippet:-1","max-image-preview":"max-image-preview:large","max-video-preview":"max-video-preview:-1"},"canonical":"https:\/\/www.wearegecom.com\/ca\/alimentaria-hostelco-2018-1200m2-de-nuestros-stands-de-diseno-en-barcelona-i\/","og_locale":"ca_ES","og_type":"article","og_title":"Aliment\u00e0ria-Hostelco 2.018: 1200m2 dels nostres estands de disseny a Barcelona (I) - GECOM","og_description":"1200 m2, 13 estands, m\u00e9s de 30 treballadors i 5 coordinadors\/es: Font Vella, Conservas Dani, Luis Capdevila, Acristalia, Comas, Lacor, Markibar, Do Oli,","og_url":"https:\/\/www.wearegecom.com\/ca\/alimentaria-hostelco-2018-1200m2-de-nuestros-stands-de-diseno-en-barcelona-i\/","og_site_name":"GECOM","article_published_time":"2018-04-25T10:19:13+00:00","article_modified_time":"2019-03-12T17:00:34+00:00","og_image":[{"width":1645,"height":1080,"url":"https:\/\/www.wearegecom.com\/wp-content\/uploads\/2018\/04\/MG_5785-min.jpg","type":"image\/jpeg"}],"author":"gecom","twitter_card":"summary_large_image","twitter_misc":{"Escrit per":"gecom"},"schema":{"@context":"https:\/\/schema.org","@graph":[{"@type":"Article","@id":"https:\/\/www.wearegecom.com\/ca\/alimentaria-hostelco-2018-1200m2-de-nuestros-stands-de-diseno-en-barcelona-i\/#article","isPartOf":{"@id":"https:\/\/www.wearegecom.com\/ca\/alimentaria-hostelco-2018-1200m2-de-nuestros-stands-de-diseno-en-barcelona-i\/"},"author":{"name":"gecom","@id":"https:\/\/www.wearegecom.com\/es\/#\/schema\/person\/638fd79d43c8235c35fccb7efe78689e"},"headline":"Aliment\u00e0ria-Hostelco 2.018: 1200m2 dels nostres estands de disseny a Barcelona (I)","datePublished":"2018-04-25T10:19:13+00:00","dateModified":"2019-03-12T17:00:34+00:00","mainEntityOfPage":{"@id":"https:\/\/www.wearegecom.com\/ca\/alimentaria-hostelco-2018-1200m2-de-nuestros-stands-de-diseno-en-barcelona-i\/"},"wordCount":110,"commentCount":0,"publisher":{"@id":"https:\/\/www.wearegecom.com\/es\/#organization"},"image":{"@id":"https:\/\/www.wearegecom.com\/ca\/alimentaria-hostelco-2018-1200m2-de-nuestros-stands-de-diseno-en-barcelona-i\/#primaryimage"},"thumbnailUrl":"https:\/\/www.wearegecom.com\/wp-content\/uploads\/2018\/04\/MG_5785-min.jpg","keywords":["Alimentaria","Alimentaria","Barcelona","Barcelona","Dise\u00f1o","Dise\u00f1o","Fontvella","Fontvella","GECOM","GECOm","Hostelco","Hostelco","Stands","Stands"],"articleSection":["General","Noticies","STANDS"],"inLanguage":"ca","potentialAction":[{"@type":"CommentAction","name":"Comment","target":["https:\/\/www.wearegecom.com\/ca\/alimentaria-hostelco-2018-1200m2-de-nuestros-stands-de-diseno-en-barcelona-i\/#respond"]}]},{"@type":"WebPage","@id":"https:\/\/www.wearegecom.com\/ca\/alimentaria-hostelco-2018-1200m2-de-nuestros-stands-de-diseno-en-barcelona-i\/","url":"https:\/\/www.wearegecom.com\/ca\/alimentaria-hostelco-2018-1200m2-de-nuestros-stands-de-diseno-en-barcelona-i\/","name":"Aliment\u00e0ria-Hostelco 2.018: 1200m2 dels nostres estands de disseny a Barcelona (I) - GECOM","isPartOf":{"@id":"https:\/\/www.wearegecom.com\/es\/#website"},"primaryImageOfPage":{"@id":"https:\/\/www.wearegecom.com\/ca\/alimentaria-hostelco-2018-1200m2-de-nuestros-stands-de-diseno-en-barcelona-i\/#primaryimage"},"image":{"@id":"https:\/\/www.wearegecom.com\/ca\/alimentaria-hostelco-2018-1200m2-de-nuestros-stands-de-diseno-en-barcelona-i\/#primaryimage"},"thumbnailUrl":"https:\/\/www.wearegecom.com\/wp-content\/uploads\/2018\/04\/MG_5785-min.jpg","datePublished":"2018-04-25T10:19:13+00:00","dateModified":"2019-03-12T17:00:34+00:00","description":"1200 m2, 13 estands, m\u00e9s de 30 treballadors i 5 coordinadors\/es: Font Vella, Conservas Dani, Luis Capdevila, Acristalia, Comas, Lacor, Markibar, Do Oli,","breadcrumb":{"@id":"https:\/\/www.wearegecom.com\/ca\/alimentaria-hostelco-2018-1200m2-de-nuestros-stands-de-diseno-en-barcelona-i\/#breadcrumb"},"inLanguage":"ca","potentialAction":[{"@type":"ReadAction","target":["https:\/\/www.wearegecom.com\/ca\/alimentaria-hostelco-2018-1200m2-de-nuestros-stands-de-diseno-en-barcelona-i\/"]}]},{"@type":"ImageObject","inLanguage":"ca","@id":"https:\/\/www.wearegecom.com\/ca\/alimentaria-hostelco-2018-1200m2-de-nuestros-stands-de-diseno-en-barcelona-i\/#primaryimage","url":"https:\/\/www.wearegecom.com\/wp-content\/uploads\/2018\/04\/MG_5785-min.jpg","contentUrl":"https:\/\/www.wearegecom.com\/wp-content\/uploads\/2018\/04\/MG_5785-min.jpg","width":1645,"height":1080},{"@type":"BreadcrumbList","@id":"https:\/\/www.wearegecom.com\/ca\/alimentaria-hostelco-2018-1200m2-de-nuestros-stands-de-diseno-en-barcelona-i\/#breadcrumb","itemListElement":[{"@type":"ListItem","position":1,"name":"Home","item":"https:\/\/www.wearegecom.com\/ca\/"},{"@type":"ListItem","position":2,"name":"Aliment\u00e0ria-Hostelco 2.018: 1200m2 dels nostres estands de disseny a Barcelona (I)"}]},{"@type":"WebSite","@id":"https:\/\/www.wearegecom.com\/es\/#website","url":"https:\/\/www.wearegecom.com\/es\/","name":"GECOM","description":"We are Design Builders","publisher":{"@id":"https:\/\/www.wearegecom.com\/es\/#organization"},"potentialAction":[{"@type":"SearchAction","target":{"@type":"EntryPoint","urlTemplate":"https:\/\/www.wearegecom.com\/es\/?s={search_term_string}"},"query-input":{"@type":"PropertyValueSpecification","valueRequired":true,"valueName":"search_term_string"}}],"inLanguage":"ca"},{"@type":"Organization","@id":"https:\/\/www.wearegecom.com\/es\/#organization","name":"Wearegecom","url":"https:\/\/www.wearegecom.com\/es\/","logo":{"@type":"ImageObject","inLanguage":"ca","@id":"https:\/\/www.wearegecom.com\/es\/#\/schema\/logo\/image\/","url":"https:\/\/www.wearegecom.com\/wp-content\/uploads\/2017\/03\/otro-logo-gecom.png","contentUrl":"https:\/\/www.wearegecom.com\/wp-content\/uploads\/2017\/03\/otro-logo-gecom.png","width":175,"height":97,"caption":"Wearegecom"},"image":{"@id":"https:\/\/www.wearegecom.com\/es\/#\/schema\/logo\/image\/"}},{"@type":"Person","@id":"https:\/\/www.wearegecom.com\/es\/#\/schema\/person\/638fd79d43c8235c35fccb7efe78689e","name":"gecom","image":{"@type":"ImageObject","inLanguage":"ca","@id":"https:\/\/secure.gravatar.com\/avatar\/46f8d4200958484fd59549d5e3e6064cd9a74d4186463a9a55356f0b74a4faa0?s=96&d=mm&r=g","url":"https:\/\/secure.gravatar.com\/avatar\/46f8d4200958484fd59549d5e3e6064cd9a74d4186463a9a55356f0b74a4faa0?s=96&d=mm&r=g","contentUrl":"https:\/\/secure.gravatar.com\/avatar\/46f8d4200958484fd59549d5e3e6064cd9a74d4186463a9a55356f0b74a4faa0?s=96&d=mm&r=g","caption":"gecom"}}]}},"views":650,"_links":{"self":[{"href":"https:\/\/www.wearegecom.com\/ca\/wp-json\/wp\/v2\/posts\/7257","targetHints":{"allow":["GET"]}}],"collection":[{"href":"https:\/\/www.wearegecom.com\/ca\/wp-json\/wp\/v2\/posts"}],"about":[{"href":"https:\/\/www.wearegecom.com\/ca\/wp-json\/wp\/v2\/types\/post"}],"author":[{"embeddable":true,"href":"https:\/\/www.wearegecom.com\/ca\/wp-json\/wp\/v2\/users\/2"}],"replies":[{"embeddable":true,"href":"https:\/\/www.wearegecom.com\/ca\/wp-json\/wp\/v2\/comments?post=7257"}],"version-history":[{"count":5,"href":"https:\/\/www.wearegecom.com\/ca\/wp-json\/wp\/v2\/posts\/7257\/revisions"}],"predecessor-version":[{"id":8816,"href":"https:\/\/www.wearegecom.com\/ca\/wp-json\/wp\/v2\/posts\/7257\/revisions\/8816"}],"wp:featuredmedia":[{"embeddable":true,"href":"https:\/\/www.wearegecom.com\/ca\/wp-json\/wp\/v2\/media\/8807"}],"wp:attachment":[{"href":"https:\/\/www.wearegecom.com\/ca\/wp-json\/wp\/v2\/media?parent=7257"}],"wp:term":[{"taxonomy":"category","embeddable":true,"href":"https:\/\/www.wearegecom.com\/ca\/wp-json\/wp\/v2\/categories?post=7257"},{"taxonomy":"post_tag","embeddable":true,"href":"https:\/\/www.wearegecom.com\/ca\/wp-json\/wp\/v2\/tags?post=7257"}],"curies":[{"name":"wp","href":"https:\/\/api.w.org\/{rel}","templated":true}]}}